{"id":1157,"date":"2024-09-18T14:46:11","date_gmt":"2024-09-18T11:46:11","guid":{"rendered":"https:\/\/turaida-muzejs.lv\/en\/?p=1157"},"modified":"2025-01-29T13:17:14","modified_gmt":"2025-01-29T10:17:14","slug":"mana-dzive-atminu-gaisma","status":"publish","type":"post","link":"https:\/\/turaida-muzejs.lv\/en\/blog\/2024\/09\/18\/mana-dzive-atminu-gaisma\/","title":{"rendered":"Mana dz\u012bve atmi\u0146u gaism\u0101"},"content":{"rendered":"\n<figure class=\"wp-block-image size-medium\"><img decoding=\"async\" src=\"https:\/\/turaida-muzejs.lv\/en\/wp-content\/uploads\/sites\/4\/2024\/09\/Mana-dzive-atminu-gaisma-FB-300x300.jpg\" alt=\"\" class=\"wp-image-1158\"\/><\/figure>\n\n\n\n<p>Gr\u0101mata \u201eMana dz\u012bve atmi\u0146u gaism\u0101. Arheologa dz\u012bvesst\u0101sts\u201d sniedz sam\u0113r\u0101 piln\u012bgu ieskatu J\u0101\u0146a Graudo\u0146a m\u016b\u017e\u0101 un centienos \u2013 gan ar vi\u0146a pa\u0161a atmi\u0146u pirmpublic\u0113jumu, gan ar laikabiedru v\u0113rt\u0113jumiem, gan ar J. Graudo\u0146a apzin\u0101to arheolo\u0123ijas pieminek\u013cu sarakstu un darbu bibliogr\u0101fiju. \u0160\u012b gr\u0101mata vienlaikus ir m\u016b\u017ea atskaite un piemineklis dar\u012bt\u0101jam. J\u0101\u0146a Graudo\u0146a paveikto v\u0113rt\u0113s paaudz\u0113s ar cie\u0146u un bij\u012bbu. <\/p>\n\n\n\n<p>Ar v\u0113ja sp\u0101rniem aiztrauc nodz\u012bvotie dz\u012bves gadi. Un \u0161\u0137iet, tie skrien arvien \u0101tr\u0101k, nesot l\u012bdzi atmi\u0146as. Nemanot jau p\u0101rk\u0101pts m\u016b\u017ea 90 gadu slieksnis. K\u0101ds biju\u0161ais audz\u0113knis reiz sac\u012bja, ka mana dz\u012bve ir tik bag\u0101ta ar daudzveid\u012bgiem notikumiem gan person\u012bgaj\u0101, gan tautas un valsts dz\u012bv\u0113, ka mans pien\u0101kums b\u016btu to iesp\u0113jami piln\u012bgi aprakst\u012bt. Un nu, kad j\u016btu jau vakara elpu, es dom\u0101ju par \u0161o v\u0113l\u0113jumu k\u0101 par savu pien\u0101kumu. Jo patiesi \u2013 esmu dz\u012bvojis v\u0113trainos v\u0113stures gadu desmitos un nekad neesmu iztur\u0113jies pret dz\u012bvi vienaldz\u012bgi. <\/p>\n\n\n\n<p>Da\u017e\u0101d\u0101s viet\u0101s esmu dz\u012bvojis, da\u017e\u0101dus darbus str\u0101d\u0101jis, katrs laika posms atst\u0101jis atmi\u0146u p\u016br\u0101 daudz gai\u0161a, bet neesmu likte\u0146a saudz\u0113ts un bijis ar\u012b tum\u0161ais un s\u0101p\u012bgais. Tak \u0161is st\u0101sts neb\u016bs piln\u012bgs, jo man galvenais arvien bija dar\u012bt un organiz\u0113t, cen\u0161oties priek\u0161pl\u0101n\u0101 izvirz\u012bt personas ar v\u0101rdu, kam vair\u0101k piest\u0101v b\u016bt priek\u0161\u0101.<\/p>\n\n\n\n<p> Neesmu rakst\u012bjis dienasgr\u0101matas, t\u0101p\u0113c st\u0101st\u012b\u0161u to, ko dro\u0161i atceros. Un ar\u012b t\u0101 b\u016bs pietiekami, jo viss ir dar\u012bts ar sirdi, t\u0101p\u0113c ir dzi\u013ci p\u0101rdz\u012bvots un turas atmi\u0146\u0101. T\u0101tad \u2013 par savu dz\u012bvi un darbu! (cit\u0101ts no J.Graudo\u0146a gr\u0101matas \u201eMana dz\u012bve atmi\u0146u gaism\u0101. Arheologa dz\u012bvesst\u0101sts\u201d ievada)<\/p>\n\n\n\n<p>Gr\u0101matu iesp\u0113jams ieg\u0101d\u0101ties Turaidas muzejrezerv\u0101ta Apmekl\u0113t\u0101ju centr\u0101, k\u0101 ar\u012b att\u0101lin\u0101ti, rakstot pas\u016bt\u012bjuma v\u0113stuli uz e-pastu: pasts@turaida-muzejs.lv\/en vai zvanot pa t\u0101lr. 28377380, samaks\u0101jot ar p\u0101rskait\u012bjumu un sa\u0146emot to pa pastu vai Omniva.<\/p>\n\n\n\n<p>Gr\u0101matas cena \u20ac4.98<\/p>\n\n\n\n<p><\/p>\n","protected":false},"excerpt":{"rendered":"<p>Gr\u0101mata \u201eMana dz\u012bve atmi\u0146u gaism\u0101. Arheologa dz\u012bvesst\u0101sts\u201d sniedz sam\u0113r\u0101 piln\u012bgu ieskatu J\u0101\u0146a Graudo\u0146a m\u016b\u017e\u0101 un centienos \u2013 gan ar vi\u0146a pa\u0161a atmi\u0146u pirmpublic\u0113jumu, gan ar laikabiedru v\u0113rt\u0113jumiem, gan ar J. Graudo\u0146a apzin\u0101to arheolo\u0123ijas pieminek\u013cu sarakstu un darbu bibliogr\u0101fiju. \u0160\u012b gr\u0101mata vienlaikus ir m\u016b\u017ea atskaite un piemineklis dar\u012bt\u0101jam. J\u0101\u0146a Graudo\u0146a paveikto v\u0113rt\u0113s paaudz\u0113s ar cie\u0146u un [&hellip;]<\/p>\n","protected":false},"author":3,"featured_media":0,"comment_status":"closed","ping_status":"open","sticky":false,"template":"","format":"standard","meta":{"om_disable_all_campaigns":false,"_monsterinsights_skip_tracking":false,"_monsterinsights_sitenote_active":false,"_monsterinsights_sitenote_note":"","_monsterinsights_sitenote_category":0,"footnotes":""},"categories":[19],"tags":[],"class_list":["post-1157","post","type-post","status-publish","format-standard","hentry","category-books"],"aioseo_notices":[],"jetpack_featured_media_url":"","_links":{"self":[{"href":"https:\/\/turaida-muzejs.lv\/en\/wp-json\/wp\/v2\/posts\/1157"}],"collection":[{"href":"https:\/\/turaida-muzejs.lv\/en\/wp-json\/wp\/v2\/posts"}],"about":[{"href":"https:\/\/turaida-muzejs.lv\/en\/wp-json\/wp\/v2\/types\/post"}],"author":[{"embeddable":true,"href":"https:\/\/turaida-muzejs.lv\/en\/wp-json\/wp\/v2\/users\/3"}],"replies":[{"embeddable":true,"href":"https:\/\/turaida-muzejs.lv\/en\/wp-json\/wp\/v2\/comments?post=1157"}],"version-history":[{"count":2,"href":"https:\/\/turaida-muzejs.lv\/en\/wp-json\/wp\/v2\/posts\/1157\/revisions"}],"predecessor-version":[{"id":1773,"href":"https:\/\/turaida-muzejs.lv\/en\/wp-json\/wp\/v2\/posts\/1157\/revisions\/1773"}],"wp:attachment":[{"href":"https:\/\/turaida-muzejs.lv\/en\/wp-json\/wp\/v2\/media?parent=1157"}],"wp:term":[{"taxonomy":"category","embeddable":true,"href":"https:\/\/turaida-muzejs.lv\/en\/wp-json\/wp\/v2\/categories?post=1157"},{"taxonomy":"post_tag","embeddable":true,"href":"https:\/\/turaida-muzejs.lv\/en\/wp-json\/wp\/v2\/tags?post=1157"}],"curies":[{"name":"wp","href":"https:\/\/api.w.org\/{rel}","templated":true}]}}