{"id":1040,"date":"2024-09-17T12:36:26","date_gmt":"2024-09-17T09:36:26","guid":{"rendered":"https:\/\/turaida-muzejs.lv\/en\/?p=1040"},"modified":"2025-01-29T14:41:13","modified_gmt":"2025-01-29T11:41:13","slug":"jauno-laiku-vesmas-latvija-un-eiropa","status":"publish","type":"post","link":"https:\/\/turaida-muzejs.lv\/en\/blog\/2024\/09\/17\/jauno-laiku-vesmas-latvija-un-eiropa\/","title":{"rendered":"\u201cJauno laiku v\u0113smas Latvij\u0101 un Eirop\u0101\u201d"},"content":{"rendered":"\n<figure class=\"wp-block-image size-medium\"><img decoding=\"async\" src=\"https:\/\/turaida-muzejs.lv\/en\/wp-content\/uploads\/sites\/4\/2024\/09\/reformacijai-500-FB-300x300.jpg\" alt=\"\" class=\"wp-image-1041\"\/><\/figure>\n\n\n\n<p>Rakstu kr\u0101jums \u201cJauno laiku v\u0113smas Latvij\u0101 un Eirop\u0101\u201d velt\u012bts Reform\u0101cijas atceres 500gadei un luter\u0101nisma trad\u012bcijai Vidzem\u0113 Latvijas un Eiropas v\u0113stures kontekst\u0101. Izdev\u0113js: Turaidas muzejrezerv\u0101ts, R\u012bga, izdevniec\u012bba \u201cZin\u0101tne\u201d, 2020, -102 lpp., latv. val., kopsavilkums ang\u013cu val. ISBN 978-9934-549-93-9<\/p>\n\n\n\n<p>Turaidas muzejrezerv\u0101t\u0101 2017. gada 18. oktobr\u012b notika zin\u0101tniska konference \u201cReform\u0101cijai \u2013 500: jauno laiku v\u0113smas Latvij\u0101 un Eirop\u0101\u201d, kur\u0101 p\u0113tnieki dal\u012bj\u0101s ar aktu\u0101laj\u0101m atzi\u0146\u0101m par reform\u0101cijas noris\u0113m un to iespaidu uz Latvijas un Eiropas v\u0113stures gaitu, gar\u012bgo un materi\u0101lo kult\u016bru. Konferences zi\u0146ojumi ir pamat\u0101 rakstu kr\u0101jumam. Uzrunas: Turaidas muzejrezerv\u0101ta direktore Anna Jurk\u0101ne, Krimuldas eva\u0146\u0123\u0113liski luterisk\u0101s draudzes m\u0101c\u012bt\u0101js Juris Austris R\u0101vi\u0146\u0161. <\/p>\n\n\n\n<p>Zi\u0146ojumi: Dr.hist.eccl. Andris Priede \u201creformu kust\u012bba nep\u0101rtraukt\u012bba Rietumeirop\u0101 un Livonij\u0101\u201d, Dr.art. Oj\u0101rs Sp\u0101r\u012btis \u201cGr\u0113ks\u016bdze jeb bikts luter\u0101\u0146u litur\u0123iskaj\u0101 praks\u0113 un t\u0101s m\u0101kslinieciskais iet\u0113rps. P\u0101rdomas par adiaforas probl\u0113mu bazn\u012bc\u0101\u201d, Dr.hist. Ieva Ose \u201cV\u0101cu reform\u0101cijas atspulgi Livonijas 16. gadsimta kr\u0101sns keramikas dekor\u0101\u201d, Dr.hist. Vija Stik\u0101ne \u201cEva\u0146\u0123\u0113lisko vasa\u013cu grup\u0113jums R\u012bgas arhib\u012bskapij\u0101: Brandenburgas Vilhelmam uztic\u012bgie 16. gadsimta 2-.-30.gados\u201d, Dr.h.c.hist. Inta Di\u0161lere \u201cD\u012btrihs Butlars (?-1537) un Livonijas pilsnovadu amatpersonas reform\u0101cijas kontekst\u0101, Dr.art. Ieva Paulovi\u010da \u201cReforma\u010dijas v\u0113smas gar\u012bg\u0101s m\u016bzikas kop\u0161an\u0101 Vidzemes lauku draudz\u0113s 16.-17. gadsimt\u0101 (ieskats Turaidas, Krimuldas, Siguldas, Alla\u017eu un M\u0101lpils draud\u017eu dz\u012bv\u0113), Egils Jeme\u013cjanovs \u201cTuraidas luter\u0101\u0146u bazn\u012bcas un viduslaiku kaps\u0113tas izp\u0113te\u201d, Dr.hist. Edgars Ceske \u201cVidzemes luter\u0101\u0146u m\u0101c\u012bt\u0101ji latvie\u0161u izgl\u012bt\u012bbas kontekst\u0101 19. gadsimta pirmaj\u0101 pus\u0113\u201d, Mg.hist. L\u012bga Krei\u0161mane \u201cB\u012bbeles, dziesmu un spredi\u0137u gr\u0101matas Turaidas muzejrezerv\u0101ta kr\u0101jum\u0101\u201d. <\/p>\n\n\n\n<p>Konferences \u201cReform\u0101cijai \u2013 500:jauno laiku v\u0113smas Latvij\u0101 un Eirop\u0101\u201d nosl\u0113guma diskusija. Katrs jauns v\u0113sturiskais laikmets n\u0101k ar sav\u0101m iez\u012bm\u0113m un rakstur\u012bg\u0101m par\u0101d\u012bb\u0101m. V\u0113stures avoti liecina, ka jaunu laikmetu v\u0113smas ir j\u016btamas jau ilgu laiku pirms iesp\u0113jams prec\u012bzi defin\u0113t sist\u0113miskas izmai\u0146as, ta\u010du da\u017ek\u0101rt ir \u013coti spilgti notikumi, kuri iez\u012bm\u0113 skaidru robe\u017el\u012bniju. Viduslaiku un agro jauno laiku krustpunkt\u0101 t\u0101di notikumi bija, piem\u0113ram, Kristofera Kolumba ce\u013cojums uz Amerikas kontinentu 1492. gad\u0101 vai ar\u012b v\u0101cu gar\u012bdznieka M\u0101rti\u0146a Lutera (Martin Luther, 1483\u20131546) uzs\u0101kt\u0101 Bazn\u012bcas reform\u0101cija (lat\u012b\u0146u valod\u0101 \u2018reformatio\u2019 \u2013 labojums). <\/p>\n\n\n\n<p>Reform\u0101ciju ievad\u012bja Lutera 95 t\u0113\u017eu jeb disputa par gr\u0113ku atlaid\u0113m publisko\u0161ana 1517. gad\u0101, kas rosin\u0101ja ne tikai diskusijas gar\u012bdzniec\u012bbas vid\u016b, bet ievad\u012bja varas sekulariz\u0101ciju un politiskus procesus, kas raksturo p\u0101reju no viduslaiku senjoru un vasa\u013cu attiec\u012bb\u0101m uz jauno laiku valstiskumu, k\u0101 ar\u012b rad\u012bja jaunus priek\u0161noteikumus indiv\u012bda lomas att\u012bst\u012bbai. Noz\u012bm\u012bgas izmai\u0146as turpm\u0101kajos gadu desmitos un gadu simtos sk\u0101ra ar\u012b Latvijas teritoriju. Vidzem\u0113 un Kurzem\u0113 16.gadsimta otraj\u0101 pus\u0113 \u2013 19.gadsimt\u0101 uz luterisma pamatiem veidoj\u0101s ne tikai sakr\u0101l\u0101 dz\u012bve, m\u0101ksla, m\u016bzika, bet ar\u012b izgl\u012bt\u012bba. Kr\u0101jums izdots ar Valsts Kult\u016brkapit\u0101la fonda finansi\u0101lu atbalstu.<\/p>\n\n\n\n<p>Gr\u0101matu iesp\u0113jams ieg\u0101d\u0101ties Turaidas muzejrezerv\u0101ta Apmekl\u0113t\u0101ju centr\u0101, k\u0101 ar\u012b att\u0101lin\u0101ti, rakstot pas\u016bt\u012bjuma v\u0113stuli uz e-pastu: pasts@turaida-muzejs.lv\/en vai zvanot pa t\u0101lr. 28377380, samaks\u0101jot ar p\u0101rskait\u012bjumu un sa\u0146emot to pa pastu vai Omniva.<\/p>\n\n\n\n<p>Gr\u0101matas cena \u20ac6.50<\/p>\n","protected":false},"excerpt":{"rendered":"<p>Rakstu kr\u0101jums \u201cJauno laiku v\u0113smas Latvij\u0101 un Eirop\u0101\u201d velt\u012bts Reform\u0101cijas atceres 500gadei un luter\u0101nisma trad\u012bcijai Vidzem\u0113 Latvijas un Eiropas v\u0113stures kontekst\u0101. Izdev\u0113js: Turaidas muzejrezerv\u0101ts, R\u012bga, izdevniec\u012bba \u201cZin\u0101tne\u201d, 2020, -102 lpp., latv. val., kopsavilkums ang\u013cu val. ISBN 978-9934-549-93-9 Turaidas muzejrezerv\u0101t\u0101 2017. gada 18. oktobr\u012b notika zin\u0101tniska konference \u201cReform\u0101cijai \u2013 500: jauno laiku v\u0113smas Latvij\u0101 un Eirop\u0101\u201d, [&hellip;]<\/p>\n","protected":false},"author":3,"featured_media":0,"comment_status":"closed","ping_status":"open","sticky":false,"template":"","format":"standard","meta":{"om_disable_all_campaigns":false,"_monsterinsights_skip_tracking":false,"_monsterinsights_sitenote_active":false,"_monsterinsights_sitenote_note":"","_monsterinsights_sitenote_category":0,"footnotes":""},"categories":[19],"tags":[],"class_list":["post-1040","post","type-post","status-publish","format-standard","hentry","category-books"],"aioseo_notices":[],"jetpack_featured_media_url":"","_links":{"self":[{"href":"https:\/\/turaida-muzejs.lv\/en\/wp-json\/wp\/v2\/posts\/1040"}],"collection":[{"href":"https:\/\/turaida-muzejs.lv\/en\/wp-json\/wp\/v2\/posts"}],"about":[{"href":"https:\/\/turaida-muzejs.lv\/en\/wp-json\/wp\/v2\/types\/post"}],"author":[{"embeddable":true,"href":"https:\/\/turaida-muzejs.lv\/en\/wp-json\/wp\/v2\/users\/3"}],"replies":[{"embeddable":true,"href":"https:\/\/turaida-muzejs.lv\/en\/wp-json\/wp\/v2\/comments?post=1040"}],"version-history":[{"count":2,"href":"https:\/\/turaida-muzejs.lv\/en\/wp-json\/wp\/v2\/posts\/1040\/revisions"}],"predecessor-version":[{"id":1794,"href":"https:\/\/turaida-muzejs.lv\/en\/wp-json\/wp\/v2\/posts\/1040\/revisions\/1794"}],"wp:attachment":[{"href":"https:\/\/turaida-muzejs.lv\/en\/wp-json\/wp\/v2\/media?parent=1040"}],"wp:term":[{"taxonomy":"category","embeddable":true,"href":"https:\/\/turaida-muzejs.lv\/en\/wp-json\/wp\/v2\/categories?post=1040"},{"taxonomy":"post_tag","embeddable":true,"href":"https:\/\/turaida-muzejs.lv\/en\/wp-json\/wp\/v2\/tags?post=1040"}],"curies":[{"name":"wp","href":"https:\/\/api.w.org\/{rel}","templated":true}]}}